{"id":11485,"date":"2019-03-12T13:04:00","date_gmt":"2019-03-12T12:04:00","guid":{"rendered":"https:\/\/preprod.qista.com\/?p=11485"},"modified":"2023-11-02T12:59:06","modified_gmt":"2023-11-02T11:59:06","slug":"remise-du-clou-de-cezannz-par-maryse-joissains-masini","status":"publish","type":"post","link":"https:\/\/qista.com\/fr\/actualites\/remise-du-clou-de-cezannz-par-maryse-joissains-masini\/","title":{"rendered":"Le Clou de C\u00e9zanne remis \u00e0 Qista par Maryse Joissains Masini"},"content":{"rendered":"\t\t<div data-elementor-type=\"wp-post\" data-elementor-id=\"11485\" class=\"elementor elementor-11485\" data-elementor-post-type=\"post\">\n\t\t\t\t\t\t<section class=\"elementor-section elementor-top-section elementor-element elementor-element-1e8e7efa elementor-section-boxed elementor-section-height-default elementor-section-height-default\" data-id=\"1e8e7efa\" data-element_type=\"section\">\n\t\t\t\t\t\t<div class=\"elementor-container elementor-column-gap-default\">\n\t\t\t\t\t<div class=\"elementor-column elementor-col-100 elementor-top-column elementor-element elementor-element-4a4f5e0a\" data-id=\"4a4f5e0a\" data-element_type=\"column\">\n\t\t\t<div class=\"elementor-widget-wrap elementor-element-populated\">\n\t\t\t\t\t\t<div class=\"elementor-element elementor-element-513395c8 elementor-widget elementor-widget-text-editor\" data-id=\"513395c8\" data-element_type=\"widget\" data-widget_type=\"text-editor.default\">\n\t\t\t\t<div class=\"elementor-widget-container\">\n\t\t\t\t\t\t\t\t\t<p style=\"text-align: left;\"><img fetchpriority=\"high\" decoding=\"async\" class=\"alignnone wp-image-12204\" src=\"https:\/\/qista.com\/wp-content\/uploads\/2019\/03\/IMG_1379-800x578.jpeg\" alt=\"Remise Clou Cezanne\" width=\"378\" height=\"273\" srcset=\"https:\/\/qista.com\/wp-content\/uploads\/2019\/03\/IMG_1379-800x578.jpeg 800w, https:\/\/qista.com\/wp-content\/uploads\/2019\/03\/IMG_1379-1024x740.jpeg 1024w, https:\/\/qista.com\/wp-content\/uploads\/2019\/03\/IMG_1379-768x555.jpeg 768w, https:\/\/qista.com\/wp-content\/uploads\/2019\/03\/IMG_1379-600x434.jpeg 600w, https:\/\/qista.com\/wp-content\/uploads\/2019\/03\/IMG_1379.jpeg 1500w\" sizes=\"(max-width: 378px) 100vw, 378px\" \/> \u00a0 \u00a0 \u00a0 \u00a0 \u00a0 \u00a0 \u00a0 <img decoding=\"async\" class=\"alignnone wp-image-12208 lazyload\" data-src=\"https:\/\/qista.com\/wp-content\/uploads\/2019\/03\/IMG_1917-800x600.jpeg\" alt=\"Remise Clou Cezanne2\" width=\"379\" height=\"284\" data-srcset=\"https:\/\/qista.com\/wp-content\/uploads\/2019\/03\/IMG_1917-800x600.jpeg 800w, https:\/\/qista.com\/wp-content\/uploads\/2019\/03\/IMG_1917-1024x768.jpeg 1024w, https:\/\/qista.com\/wp-content\/uploads\/2019\/03\/IMG_1917-768x576.jpeg 768w, https:\/\/qista.com\/wp-content\/uploads\/2019\/03\/IMG_1917-600x450.jpeg 600w, https:\/\/qista.com\/wp-content\/uploads\/2019\/03\/IMG_1917.jpeg 1500w\" data-sizes=\"(max-width: 379px) 100vw, 379px\" src=\"data:image\/gif;base64,R0lGODlhAQABAAAAACH5BAEKAAEALAAAAAABAAEAAAICTAEAOw==\" style=\"--smush-placeholder-width: 379px; --smush-placeholder-aspect-ratio: 379\/284;\" \/><\/p><p style=\"text-align: justify;\">Un grand MERCI \u00e0 Maryse Joissins Masini et \u00e0 la ville d&rsquo;Aix en Provence de nous avoir fait l&rsquo;honneur de nous remettre le Clou de C\u00e9zanne pour notre travail accompli depuis le fabuleux Technopole de l&rsquo;Environnement Arbois-M\u00e9diterrann\u00e9, o\u00f9 nous sommes bas\u00e9s.<\/p><p style=\"text-align: justify;\">Si nous parvenons \u00e0 exister comme nous le faisons en France mais aussi aux quatre coins du Monde, c&rsquo;est \u00e9videmment le fruit d&rsquo;un travail collectif men\u00e9 entre nos \u00e9quipes et les relais publics qui nous accompagnent, tels que, entres autres, le D\u00e9partement des Bouches du Rh\u00f4ne, la R\u00e9gion PACA et la CCI Marseille Provence que nous remercions chaleureusement!<\/p><p style=\"text-align: justify;\">A tr\u00e8s bient\u00f4t !<\/p><div id=\"js_ew\" class=\"_5pbx userContent _3576\" data-ft=\"{&quot;tn&quot;:&quot;K&quot;}\">\u00a0<\/div>\t\t\t\t\t\t\t\t<\/div>\n\t\t\t\t<\/div>\n\t\t\t\t\t<\/div>\n\t\t<\/div>\n\t\t\t\t\t<\/div>\n\t\t<\/section>\n\t\t\t\t<\/div>\n\t\t","protected":false},"excerpt":{"rendered":"<div class=\"_5pbx userContent _3576\" id=\"js_ew\" data-ft=\"{&quot;tn&quot;:&quot;K&quot;}\"><\/div>\n","protected":false},"author":1,"featured_media":12204,"comment_status":"open","ping_status":"open","sticky":false,"template":"","format":"standard","meta":{"_acf_changed":false,"_mo_disable_npp":"","footnotes":""},"categories":[170],"tags":[],"class_list":["post-11485","post","type-post","status-publish","format-standard","has-post-thumbnail","hentry","category-evenement"],"acf":[],"yoast_head":"<!-- This site is optimized with the Yoast SEO plugin v25.3 - https:\/\/yoast.com\/wordpress\/plugins\/seo\/ -->\n<title>Le Clou de C\u00e9zanne remis \u00e0 Qista par Maryse Joissains Masini &#8212; Qista.com<\/title>\n<meta name=\"robots\" content=\"index, follow, max-snippet:-1, max-image-preview:large, max-video-preview:-1\" \/>\n<link rel=\"canonical\" href=\"https:\/\/qista.com\/fr\/actualites\/remise-du-clou-de-cezannz-par-maryse-joissains-masini\/\" \/>\n<meta property=\"og:locale\" content=\"fr_FR\" \/>\n<meta property=\"og:type\" content=\"article\" \/>\n<meta property=\"og:title\" content=\"Le Clou de C\u00e9zanne remis \u00e0 Qista par Maryse Joissains Masini &#8212; Qista.com\" \/>\n<meta property=\"og:url\" content=\"https:\/\/qista.com\/fr\/actualites\/remise-du-clou-de-cezannz-par-maryse-joissains-masini\/\" \/>\n<meta property=\"og:site_name\" content=\"Qista.com\" \/>\n<meta property=\"article:published_time\" content=\"2019-03-12T12:04:00+00:00\" \/>\n<meta property=\"article:modified_time\" content=\"2023-11-02T11:59:06+00:00\" \/>\n<meta property=\"og:image\" content=\"https:\/\/qista.com\/wp-content\/uploads\/2019\/03\/IMG_1379.jpeg\" \/>\n\t<meta property=\"og:image:width\" content=\"1500\" \/>\n\t<meta property=\"og:image:height\" content=\"1084\" \/>\n\t<meta property=\"og:image:type\" content=\"image\/jpeg\" \/>\n<meta name=\"author\" content=\"Qista\" \/>\n<meta name=\"twitter:card\" content=\"summary_large_image\" \/>\n<meta name=\"twitter:label1\" content=\"\u00c9crit par\" \/>\n\t<meta name=\"twitter:data1\" content=\"Qista\" \/>\n\t<meta name=\"twitter:label2\" content=\"Dur\u00e9e de lecture estim\u00e9e\" \/>\n\t<meta name=\"twitter:data2\" content=\"1 minute\" \/>\n<script type=\"application\/ld+json\" class=\"yoast-schema-graph\">{\"@context\":\"https:\/\/schema.org\",\"@graph\":[{\"@type\":\"Article\",\"@id\":\"https:\/\/qista.com\/fr\/actualites\/remise-du-clou-de-cezannz-par-maryse-joissains-masini\/#article\",\"isPartOf\":{\"@id\":\"https:\/\/qista.com\/fr\/actualites\/remise-du-clou-de-cezannz-par-maryse-joissains-masini\/\"},\"author\":{\"name\":\"Qista\",\"@id\":\"https:\/\/qista.com\/fr\/#\/schema\/person\/50b211451976f881447d21c61ea3969c\"},\"headline\":\"Le Clou de C\u00e9zanne remis \u00e0 Qista par Maryse Joissains Masini\",\"datePublished\":\"2019-03-12T12:04:00+00:00\",\"dateModified\":\"2023-11-02T11:59:06+00:00\",\"mainEntityOfPage\":{\"@id\":\"https:\/\/qista.com\/fr\/actualites\/remise-du-clou-de-cezannz-par-maryse-joissains-masini\/\"},\"wordCount\":123,\"commentCount\":0,\"publisher\":{\"@id\":\"https:\/\/qista.com\/fr\/#organization\"},\"image\":{\"@id\":\"https:\/\/qista.com\/fr\/actualites\/remise-du-clou-de-cezannz-par-maryse-joissains-masini\/#primaryimage\"},\"thumbnailUrl\":\"https:\/\/qista.com\/wp-content\/uploads\/2019\/03\/IMG_1379.jpeg\",\"articleSection\":[\"\u00c9v\u00e9nement\"],\"inLanguage\":\"fr-FR\",\"potentialAction\":[{\"@type\":\"CommentAction\",\"name\":\"Comment\",\"target\":[\"https:\/\/qista.com\/fr\/actualites\/remise-du-clou-de-cezannz-par-maryse-joissains-masini\/#respond\"]}]},{\"@type\":\"WebPage\",\"@id\":\"https:\/\/qista.com\/fr\/actualites\/remise-du-clou-de-cezannz-par-maryse-joissains-masini\/\",\"url\":\"https:\/\/qista.com\/fr\/actualites\/remise-du-clou-de-cezannz-par-maryse-joissains-masini\/\",\"name\":\"Le Clou de C\u00e9zanne remis \u00e0 Qista par Maryse Joissains Masini &#8212; Qista.com\",\"isPartOf\":{\"@id\":\"https:\/\/qista.com\/fr\/#website\"},\"primaryImageOfPage\":{\"@id\":\"https:\/\/qista.com\/fr\/actualites\/remise-du-clou-de-cezannz-par-maryse-joissains-masini\/#primaryimage\"},\"image\":{\"@id\":\"https:\/\/qista.com\/fr\/actualites\/remise-du-clou-de-cezannz-par-maryse-joissains-masini\/#primaryimage\"},\"thumbnailUrl\":\"https:\/\/qista.com\/wp-content\/uploads\/2019\/03\/IMG_1379.jpeg\",\"datePublished\":\"2019-03-12T12:04:00+00:00\",\"dateModified\":\"2023-11-02T11:59:06+00:00\",\"breadcrumb\":{\"@id\":\"https:\/\/qista.com\/fr\/actualites\/remise-du-clou-de-cezannz-par-maryse-joissains-masini\/#breadcrumb\"},\"inLanguage\":\"fr-FR\",\"potentialAction\":[{\"@type\":\"ReadAction\",\"target\":[\"https:\/\/qista.com\/fr\/actualites\/remise-du-clou-de-cezannz-par-maryse-joissains-masini\/\"]}]},{\"@type\":\"ImageObject\",\"inLanguage\":\"fr-FR\",\"@id\":\"https:\/\/qista.com\/fr\/actualites\/remise-du-clou-de-cezannz-par-maryse-joissains-masini\/#primaryimage\",\"url\":\"https:\/\/qista.com\/wp-content\/uploads\/2019\/03\/IMG_1379.jpeg\",\"contentUrl\":\"https:\/\/qista.com\/wp-content\/uploads\/2019\/03\/IMG_1379.jpeg\",\"width\":1500,\"height\":1084,\"caption\":\"Remise Clou Cezanne\"},{\"@type\":\"BreadcrumbList\",\"@id\":\"https:\/\/qista.com\/fr\/actualites\/remise-du-clou-de-cezannz-par-maryse-joissains-masini\/#breadcrumb\",\"itemListElement\":[{\"@type\":\"ListItem\",\"position\":1,\"name\":\"Accueil\",\"item\":\"https:\/\/qista.com\/fr\/\"},{\"@type\":\"ListItem\",\"position\":2,\"name\":\"\u00c9v\u00e9nement\",\"item\":\"https:\/\/qista.com\/fr\/actualites\/category\/evenement\/\"},{\"@type\":\"ListItem\",\"position\":3,\"name\":\"Le Clou de C\u00e9zanne remis \u00e0 Qista par Maryse Joissains Masini\"}]},{\"@type\":\"WebSite\",\"@id\":\"https:\/\/qista.com\/fr\/#website\",\"url\":\"https:\/\/qista.com\/fr\/\",\"name\":\"QISTA\",\"description\":\"L&#039;aspiration MosqiVortex 788\",\"publisher\":{\"@id\":\"https:\/\/qista.com\/fr\/#organization\"},\"potentialAction\":[{\"@type\":\"SearchAction\",\"target\":{\"@type\":\"EntryPoint\",\"urlTemplate\":\"https:\/\/qista.com\/fr\/?s={search_term_string}\"},\"query-input\":{\"@type\":\"PropertyValueSpecification\",\"valueRequired\":true,\"valueName\":\"search_term_string\"}}],\"inLanguage\":\"fr-FR\"},{\"@type\":\"Organization\",\"@id\":\"https:\/\/qista.com\/fr\/#organization\",\"name\":\"QISTA\",\"url\":\"https:\/\/qista.com\/fr\/\",\"logo\":{\"@type\":\"ImageObject\",\"inLanguage\":\"fr-FR\",\"@id\":\"https:\/\/qista.com\/fr\/#\/schema\/logo\/image\/\",\"url\":\"https:\/\/qista.com\/wp-content\/uploads\/2023\/03\/LogoB_Qista_MosqiVortex.webp\",\"contentUrl\":\"https:\/\/qista.com\/wp-content\/uploads\/2023\/03\/LogoB_Qista_MosqiVortex.webp\",\"width\":537,\"height\":164,\"caption\":\"QISTA\"},\"image\":{\"@id\":\"https:\/\/qista.com\/fr\/#\/schema\/logo\/image\/\"}},{\"@type\":\"Person\",\"@id\":\"https:\/\/qista.com\/fr\/#\/schema\/person\/50b211451976f881447d21c61ea3969c\",\"name\":\"Qista\",\"image\":{\"@type\":\"ImageObject\",\"inLanguage\":\"fr-FR\",\"@id\":\"https:\/\/qista.com\/fr\/#\/schema\/person\/image\/\",\"url\":\"https:\/\/secure.gravatar.com\/avatar\/c4e2ef9b1962f15ffc064343b61dc28c70b0d7b1652fe268212ef08b4e31bde0?s=96&d=mm&r=g\",\"contentUrl\":\"https:\/\/secure.gravatar.com\/avatar\/c4e2ef9b1962f15ffc064343b61dc28c70b0d7b1652fe268212ef08b4e31bde0?s=96&d=mm&r=g\",\"caption\":\"Qista\"},\"sameAs\":[\"https:\/\/qista.com\/\"]}]}<\/script>\n<!-- \/ Yoast SEO plugin. -->","yoast_head_json":{"title":"Le Clou de C\u00e9zanne remis \u00e0 Qista par Maryse Joissains Masini &#8212; Qista.com","robots":{"index":"index","follow":"follow","max-snippet":"max-snippet:-1","max-image-preview":"max-image-preview:large","max-video-preview":"max-video-preview:-1"},"canonical":"https:\/\/qista.com\/fr\/actualites\/remise-du-clou-de-cezannz-par-maryse-joissains-masini\/","og_locale":"fr_FR","og_type":"article","og_title":"Le Clou de C\u00e9zanne remis \u00e0 Qista par Maryse Joissains Masini &#8212; Qista.com","og_url":"https:\/\/qista.com\/fr\/actualites\/remise-du-clou-de-cezannz-par-maryse-joissains-masini\/","og_site_name":"Qista.com","article_published_time":"2019-03-12T12:04:00+00:00","article_modified_time":"2023-11-02T11:59:06+00:00","og_image":[{"width":1500,"height":1084,"url":"https:\/\/qista.com\/wp-content\/uploads\/2019\/03\/IMG_1379.jpeg","type":"image\/jpeg"}],"author":"Qista","twitter_card":"summary_large_image","twitter_misc":{"\u00c9crit par":"Qista","Dur\u00e9e de lecture estim\u00e9e":"1 minute"},"schema":{"@context":"https:\/\/schema.org","@graph":[{"@type":"Article","@id":"https:\/\/qista.com\/fr\/actualites\/remise-du-clou-de-cezannz-par-maryse-joissains-masini\/#article","isPartOf":{"@id":"https:\/\/qista.com\/fr\/actualites\/remise-du-clou-de-cezannz-par-maryse-joissains-masini\/"},"author":{"name":"Qista","@id":"https:\/\/qista.com\/fr\/#\/schema\/person\/50b211451976f881447d21c61ea3969c"},"headline":"Le Clou de C\u00e9zanne remis \u00e0 Qista par Maryse Joissains Masini","datePublished":"2019-03-12T12:04:00+00:00","dateModified":"2023-11-02T11:59:06+00:00","mainEntityOfPage":{"@id":"https:\/\/qista.com\/fr\/actualites\/remise-du-clou-de-cezannz-par-maryse-joissains-masini\/"},"wordCount":123,"commentCount":0,"publisher":{"@id":"https:\/\/qista.com\/fr\/#organization"},"image":{"@id":"https:\/\/qista.com\/fr\/actualites\/remise-du-clou-de-cezannz-par-maryse-joissains-masini\/#primaryimage"},"thumbnailUrl":"https:\/\/qista.com\/wp-content\/uploads\/2019\/03\/IMG_1379.jpeg","articleSection":["\u00c9v\u00e9nement"],"inLanguage":"fr-FR","potentialAction":[{"@type":"CommentAction","name":"Comment","target":["https:\/\/qista.com\/fr\/actualites\/remise-du-clou-de-cezannz-par-maryse-joissains-masini\/#respond"]}]},{"@type":"WebPage","@id":"https:\/\/qista.com\/fr\/actualites\/remise-du-clou-de-cezannz-par-maryse-joissains-masini\/","url":"https:\/\/qista.com\/fr\/actualites\/remise-du-clou-de-cezannz-par-maryse-joissains-masini\/","name":"Le Clou de C\u00e9zanne remis \u00e0 Qista par Maryse Joissains Masini &#8212; Qista.com","isPartOf":{"@id":"https:\/\/qista.com\/fr\/#website"},"primaryImageOfPage":{"@id":"https:\/\/qista.com\/fr\/actualites\/remise-du-clou-de-cezannz-par-maryse-joissains-masini\/#primaryimage"},"image":{"@id":"https:\/\/qista.com\/fr\/actualites\/remise-du-clou-de-cezannz-par-maryse-joissains-masini\/#primaryimage"},"thumbnailUrl":"https:\/\/qista.com\/wp-content\/uploads\/2019\/03\/IMG_1379.jpeg","datePublished":"2019-03-12T12:04:00+00:00","dateModified":"2023-11-02T11:59:06+00:00","breadcrumb":{"@id":"https:\/\/qista.com\/fr\/actualites\/remise-du-clou-de-cezannz-par-maryse-joissains-masini\/#breadcrumb"},"inLanguage":"fr-FR","potentialAction":[{"@type":"ReadAction","target":["https:\/\/qista.com\/fr\/actualites\/remise-du-clou-de-cezannz-par-maryse-joissains-masini\/"]}]},{"@type":"ImageObject","inLanguage":"fr-FR","@id":"https:\/\/qista.com\/fr\/actualites\/remise-du-clou-de-cezannz-par-maryse-joissains-masini\/#primaryimage","url":"https:\/\/qista.com\/wp-content\/uploads\/2019\/03\/IMG_1379.jpeg","contentUrl":"https:\/\/qista.com\/wp-content\/uploads\/2019\/03\/IMG_1379.jpeg","width":1500,"height":1084,"caption":"Remise Clou Cezanne"},{"@type":"BreadcrumbList","@id":"https:\/\/qista.com\/fr\/actualites\/remise-du-clou-de-cezannz-par-maryse-joissains-masini\/#breadcrumb","itemListElement":[{"@type":"ListItem","position":1,"name":"Accueil","item":"https:\/\/qista.com\/fr\/"},{"@type":"ListItem","position":2,"name":"\u00c9v\u00e9nement","item":"https:\/\/qista.com\/fr\/actualites\/category\/evenement\/"},{"@type":"ListItem","position":3,"name":"Le Clou de C\u00e9zanne remis \u00e0 Qista par Maryse Joissains Masini"}]},{"@type":"WebSite","@id":"https:\/\/qista.com\/fr\/#website","url":"https:\/\/qista.com\/fr\/","name":"QISTA","description":"L&#039;aspiration MosqiVortex 788","publisher":{"@id":"https:\/\/qista.com\/fr\/#organization"},"potentialAction":[{"@type":"SearchAction","target":{"@type":"EntryPoint","urlTemplate":"https:\/\/qista.com\/fr\/?s={search_term_string}"},"query-input":{"@type":"PropertyValueSpecification","valueRequired":true,"valueName":"search_term_string"}}],"inLanguage":"fr-FR"},{"@type":"Organization","@id":"https:\/\/qista.com\/fr\/#organization","name":"QISTA","url":"https:\/\/qista.com\/fr\/","logo":{"@type":"ImageObject","inLanguage":"fr-FR","@id":"https:\/\/qista.com\/fr\/#\/schema\/logo\/image\/","url":"https:\/\/qista.com\/wp-content\/uploads\/2023\/03\/LogoB_Qista_MosqiVortex.webp","contentUrl":"https:\/\/qista.com\/wp-content\/uploads\/2023\/03\/LogoB_Qista_MosqiVortex.webp","width":537,"height":164,"caption":"QISTA"},"image":{"@id":"https:\/\/qista.com\/fr\/#\/schema\/logo\/image\/"}},{"@type":"Person","@id":"https:\/\/qista.com\/fr\/#\/schema\/person\/50b211451976f881447d21c61ea3969c","name":"Qista","image":{"@type":"ImageObject","inLanguage":"fr-FR","@id":"https:\/\/qista.com\/fr\/#\/schema\/person\/image\/","url":"https:\/\/secure.gravatar.com\/avatar\/c4e2ef9b1962f15ffc064343b61dc28c70b0d7b1652fe268212ef08b4e31bde0?s=96&d=mm&r=g","contentUrl":"https:\/\/secure.gravatar.com\/avatar\/c4e2ef9b1962f15ffc064343b61dc28c70b0d7b1652fe268212ef08b4e31bde0?s=96&d=mm&r=g","caption":"Qista"},"sameAs":["https:\/\/qista.com\/"]}]}},"_links":{"self":[{"href":"https:\/\/qista.com\/fr\/wp-json\/wp\/v2\/posts\/11485","targetHints":{"allow":["GET"]}}],"collection":[{"href":"https:\/\/qista.com\/fr\/wp-json\/wp\/v2\/posts"}],"about":[{"href":"https:\/\/qista.com\/fr\/wp-json\/wp\/v2\/types\/post"}],"author":[{"embeddable":true,"href":"https:\/\/qista.com\/fr\/wp-json\/wp\/v2\/users\/1"}],"replies":[{"embeddable":true,"href":"https:\/\/qista.com\/fr\/wp-json\/wp\/v2\/comments?post=11485"}],"version-history":[{"count":0,"href":"https:\/\/qista.com\/fr\/wp-json\/wp\/v2\/posts\/11485\/revisions"}],"wp:featuredmedia":[{"embeddable":true,"href":"https:\/\/qista.com\/fr\/wp-json\/wp\/v2\/media\/12204"}],"wp:attachment":[{"href":"https:\/\/qista.com\/fr\/wp-json\/wp\/v2\/media?parent=11485"}],"wp:term":[{"taxonomy":"category","embeddable":true,"href":"https:\/\/qista.com\/fr\/wp-json\/wp\/v2\/categories?post=11485"},{"taxonomy":"post_tag","embeddable":true,"href":"https:\/\/qista.com\/fr\/wp-json\/wp\/v2\/tags?post=11485"}],"curies":[{"name":"wp","href":"https:\/\/api.w.org\/{rel}","templated":true}]}}