{"id":11468,"date":"2018-05-18T08:15:00","date_gmt":"2018-05-18T06:15:00","guid":{"rendered":"https:\/\/preprod.qista.com\/?p=11468"},"modified":"2023-10-02T11:50:14","modified_gmt":"2023-10-02T09:50:14","slug":"salon-piscine-spa-et-jardin-de-frejus","status":"publish","type":"post","link":"https:\/\/qista.com\/fr\/actualites\/salon-piscine-spa-et-jardin-de-frejus\/","title":{"rendered":"Qista au salon Piscine, Spa et Jardin de Fr\u00e9jus"},"content":{"rendered":"<p style=\"text-align: center;\"><img decoding=\"async\" src=\"{{media url=\" alt=\"\" \/><img fetchpriority=\"high\" decoding=\"async\" class=\"alignnone size-medium wp-image-12305\" src=\"https:\/\/qista.com\/wp-content\/uploads\/2018\/05\/salon2-800x600.jpeg\" alt=\"\" width=\"800\" height=\"600\" srcset=\"https:\/\/qista.com\/wp-content\/uploads\/2018\/05\/salon2-800x600.jpeg 800w, https:\/\/qista.com\/wp-content\/uploads\/2018\/05\/salon2-1024x768.jpeg 1024w, https:\/\/qista.com\/wp-content\/uploads\/2018\/05\/salon2-768x576.jpeg 768w, https:\/\/qista.com\/wp-content\/uploads\/2018\/05\/salon2-1536x1152.jpeg 1536w, https:\/\/qista.com\/wp-content\/uploads\/2018\/05\/salon2-600x450.jpeg 600w, https:\/\/qista.com\/wp-content\/uploads\/2018\/05\/salon2.jpeg 2016w\" sizes=\"(max-width: 800px) 100vw, 800px\" \/><\/p>\n<p style=\"text-align: center;\">Quoi de mieux qu&rsquo;un week-end de Pentec\u00f4te pour visiter le salon Piscine, Spa et Jardin de Fr\u00e9jus ?<\/p>\n<p style=\"text-align: center;\">N&rsquo;h\u00e9sitez pas \u00e0 venir vous renseigner sur les bornes anti-moustique \u00e9cologique, efficace et 100% Fran\u00e7aise aupr\u00e8s de Sandrine et Camille.<\/p>\n<p style=\"text-align: center;\">On vous attend nombreux !<\/p>\n<p style=\"text-align: center;\">\n","protected":false},"excerpt":{"rendered":"<p>QISTA est pr&eacute;sent au Salon Piscine, Spa et Jardin de Fr&eacute;jus du 19 au 21 mai ! N&rsquo;h&eacute;sitez pas &agrave; nous rendre visite !<\/p><\/p>\n","protected":false},"author":1,"featured_media":12309,"comment_status":"open","ping_status":"open","sticky":false,"template":"","format":"standard","meta":{"_acf_changed":false,"_mo_disable_npp":"","footnotes":""},"categories":[170],"tags":[],"class_list":["post-11468","post","type-post","status-publish","format-standard","has-post-thumbnail","hentry","category-evenement"],"acf":[],"yoast_head":"<!-- This site is optimized with the Yoast SEO plugin v25.3 - https:\/\/yoast.com\/wordpress\/plugins\/seo\/ -->\n<title>Qista au salon Piscine, Spa et Jardin de Fr\u00e9jus &#8212; Qista.com<\/title>\n<meta name=\"description\" content=\"QISTA est pr\u00e9sent au Salon Piscine, Spa et Jardin de Fr\u00e9jus du 19 au 21 mai ! N&#039;h\u00e9sitez pas \u00e0 nous rendre visite !\" \/>\n<meta name=\"robots\" content=\"index, follow, max-snippet:-1, max-image-preview:large, max-video-preview:-1\" \/>\n<link rel=\"canonical\" href=\"https:\/\/qista.com\/fr\/actualites\/salon-piscine-spa-et-jardin-de-frejus\/\" \/>\n<meta property=\"og:locale\" content=\"fr_FR\" \/>\n<meta property=\"og:type\" content=\"article\" \/>\n<meta property=\"og:title\" content=\"Qista au salon Piscine, Spa et Jardin de Fr\u00e9jus &#8212; Qista.com\" \/>\n<meta property=\"og:description\" content=\"QISTA est pr\u00e9sent au Salon Piscine, Spa et Jardin de Fr\u00e9jus du 19 au 21 mai ! N&#039;h\u00e9sitez pas \u00e0 nous rendre visite !\" \/>\n<meta property=\"og:url\" content=\"https:\/\/qista.com\/fr\/actualites\/salon-piscine-spa-et-jardin-de-frejus\/\" \/>\n<meta property=\"og:site_name\" content=\"Qista.com\" \/>\n<meta property=\"article:published_time\" content=\"2018-05-18T06:15:00+00:00\" \/>\n<meta property=\"article:modified_time\" content=\"2023-10-02T09:50:14+00:00\" \/>\n<meta property=\"og:image\" content=\"https:\/\/qista.com\/wp-content\/uploads\/2018\/05\/15266550832063390338.jpeg\" \/>\n\t<meta property=\"og:image:width\" content=\"400\" \/>\n\t<meta property=\"og:image:height\" content=\"300\" \/>\n\t<meta property=\"og:image:type\" content=\"image\/jpeg\" \/>\n<meta name=\"author\" content=\"Qista\" \/>\n<meta name=\"twitter:card\" content=\"summary_large_image\" \/>\n<meta name=\"twitter:label1\" content=\"\u00c9crit par\" \/>\n\t<meta name=\"twitter:data1\" content=\"Qista\" \/>\n\t<meta name=\"twitter:label2\" content=\"Dur\u00e9e de lecture estim\u00e9e\" \/>\n\t<meta name=\"twitter:data2\" content=\"1 minute\" \/>\n<script type=\"application\/ld+json\" class=\"yoast-schema-graph\">{\"@context\":\"https:\/\/schema.org\",\"@graph\":[{\"@type\":\"Article\",\"@id\":\"https:\/\/qista.com\/fr\/actualites\/salon-piscine-spa-et-jardin-de-frejus\/#article\",\"isPartOf\":{\"@id\":\"https:\/\/qista.com\/fr\/actualites\/salon-piscine-spa-et-jardin-de-frejus\/\"},\"author\":{\"name\":\"Qista\",\"@id\":\"https:\/\/qista.com\/fr\/#\/schema\/person\/50b211451976f881447d21c61ea3969c\"},\"headline\":\"Qista au salon Piscine, Spa et Jardin de Fr\u00e9jus\",\"datePublished\":\"2018-05-18T06:15:00+00:00\",\"dateModified\":\"2023-10-02T09:50:14+00:00\",\"mainEntityOfPage\":{\"@id\":\"https:\/\/qista.com\/fr\/actualites\/salon-piscine-spa-et-jardin-de-frejus\/\"},\"wordCount\":56,\"commentCount\":0,\"publisher\":{\"@id\":\"https:\/\/qista.com\/fr\/#organization\"},\"image\":{\"@id\":\"https:\/\/qista.com\/fr\/actualites\/salon-piscine-spa-et-jardin-de-frejus\/#primaryimage\"},\"thumbnailUrl\":\"https:\/\/qista.com\/wp-content\/uploads\/2018\/05\/15266550832063390338.jpeg\",\"articleSection\":[\"\u00c9v\u00e9nement\"],\"inLanguage\":\"fr-FR\",\"potentialAction\":[{\"@type\":\"CommentAction\",\"name\":\"Comment\",\"target\":[\"https:\/\/qista.com\/fr\/actualites\/salon-piscine-spa-et-jardin-de-frejus\/#respond\"]}]},{\"@type\":\"WebPage\",\"@id\":\"https:\/\/qista.com\/fr\/actualites\/salon-piscine-spa-et-jardin-de-frejus\/\",\"url\":\"https:\/\/qista.com\/fr\/actualites\/salon-piscine-spa-et-jardin-de-frejus\/\",\"name\":\"Qista au salon Piscine, Spa et Jardin de Fr\u00e9jus &#8212; Qista.com\",\"isPartOf\":{\"@id\":\"https:\/\/qista.com\/fr\/#website\"},\"primaryImageOfPage\":{\"@id\":\"https:\/\/qista.com\/fr\/actualites\/salon-piscine-spa-et-jardin-de-frejus\/#primaryimage\"},\"image\":{\"@id\":\"https:\/\/qista.com\/fr\/actualites\/salon-piscine-spa-et-jardin-de-frejus\/#primaryimage\"},\"thumbnailUrl\":\"https:\/\/qista.com\/wp-content\/uploads\/2018\/05\/15266550832063390338.jpeg\",\"datePublished\":\"2018-05-18T06:15:00+00:00\",\"dateModified\":\"2023-10-02T09:50:14+00:00\",\"description\":\"QISTA est pr\u00e9sent au Salon Piscine, Spa et Jardin de Fr\u00e9jus du 19 au 21 mai ! N'h\u00e9sitez pas \u00e0 nous rendre visite !\",\"breadcrumb\":{\"@id\":\"https:\/\/qista.com\/fr\/actualites\/salon-piscine-spa-et-jardin-de-frejus\/#breadcrumb\"},\"inLanguage\":\"fr-FR\",\"potentialAction\":[{\"@type\":\"ReadAction\",\"target\":[\"https:\/\/qista.com\/fr\/actualites\/salon-piscine-spa-et-jardin-de-frejus\/\"]}]},{\"@type\":\"ImageObject\",\"inLanguage\":\"fr-FR\",\"@id\":\"https:\/\/qista.com\/fr\/actualites\/salon-piscine-spa-et-jardin-de-frejus\/#primaryimage\",\"url\":\"https:\/\/qista.com\/wp-content\/uploads\/2018\/05\/15266550832063390338.jpeg\",\"contentUrl\":\"https:\/\/qista.com\/wp-content\/uploads\/2018\/05\/15266550832063390338.jpeg\",\"width\":400,\"height\":300},{\"@type\":\"BreadcrumbList\",\"@id\":\"https:\/\/qista.com\/fr\/actualites\/salon-piscine-spa-et-jardin-de-frejus\/#breadcrumb\",\"itemListElement\":[{\"@type\":\"ListItem\",\"position\":1,\"name\":\"Accueil\",\"item\":\"https:\/\/qista.com\/fr\/\"},{\"@type\":\"ListItem\",\"position\":2,\"name\":\"\u00c9v\u00e9nement\",\"item\":\"https:\/\/qista.com\/fr\/actualites\/category\/evenement\/\"},{\"@type\":\"ListItem\",\"position\":3,\"name\":\"Qista au salon Piscine, Spa et Jardin de Fr\u00e9jus\"}]},{\"@type\":\"WebSite\",\"@id\":\"https:\/\/qista.com\/fr\/#website\",\"url\":\"https:\/\/qista.com\/fr\/\",\"name\":\"QISTA\",\"description\":\"L&#039;aspiration MosqiVortex 788\",\"publisher\":{\"@id\":\"https:\/\/qista.com\/fr\/#organization\"},\"potentialAction\":[{\"@type\":\"SearchAction\",\"target\":{\"@type\":\"EntryPoint\",\"urlTemplate\":\"https:\/\/qista.com\/fr\/?s={search_term_string}\"},\"query-input\":{\"@type\":\"PropertyValueSpecification\",\"valueRequired\":true,\"valueName\":\"search_term_string\"}}],\"inLanguage\":\"fr-FR\"},{\"@type\":\"Organization\",\"@id\":\"https:\/\/qista.com\/fr\/#organization\",\"name\":\"QISTA\",\"url\":\"https:\/\/qista.com\/fr\/\",\"logo\":{\"@type\":\"ImageObject\",\"inLanguage\":\"fr-FR\",\"@id\":\"https:\/\/qista.com\/fr\/#\/schema\/logo\/image\/\",\"url\":\"https:\/\/qista.com\/wp-content\/uploads\/2023\/03\/LogoB_Qista_MosqiVortex.webp\",\"contentUrl\":\"https:\/\/qista.com\/wp-content\/uploads\/2023\/03\/LogoB_Qista_MosqiVortex.webp\",\"width\":537,\"height\":164,\"caption\":\"QISTA\"},\"image\":{\"@id\":\"https:\/\/qista.com\/fr\/#\/schema\/logo\/image\/\"}},{\"@type\":\"Person\",\"@id\":\"https:\/\/qista.com\/fr\/#\/schema\/person\/50b211451976f881447d21c61ea3969c\",\"name\":\"Qista\",\"image\":{\"@type\":\"ImageObject\",\"inLanguage\":\"fr-FR\",\"@id\":\"https:\/\/qista.com\/fr\/#\/schema\/person\/image\/\",\"url\":\"https:\/\/secure.gravatar.com\/avatar\/c4e2ef9b1962f15ffc064343b61dc28c70b0d7b1652fe268212ef08b4e31bde0?s=96&d=mm&r=g\",\"contentUrl\":\"https:\/\/secure.gravatar.com\/avatar\/c4e2ef9b1962f15ffc064343b61dc28c70b0d7b1652fe268212ef08b4e31bde0?s=96&d=mm&r=g\",\"caption\":\"Qista\"},\"sameAs\":[\"https:\/\/qista.com\/\"]}]}<\/script>\n<!-- \/ Yoast SEO plugin. -->","yoast_head_json":{"title":"Qista au salon Piscine, Spa et Jardin de Fr\u00e9jus &#8212; Qista.com","description":"QISTA est pr\u00e9sent au Salon Piscine, Spa et Jardin de Fr\u00e9jus du 19 au 21 mai ! N'h\u00e9sitez pas \u00e0 nous rendre visite !","robots":{"index":"index","follow":"follow","max-snippet":"max-snippet:-1","max-image-preview":"max-image-preview:large","max-video-preview":"max-video-preview:-1"},"canonical":"https:\/\/qista.com\/fr\/actualites\/salon-piscine-spa-et-jardin-de-frejus\/","og_locale":"fr_FR","og_type":"article","og_title":"Qista au salon Piscine, Spa et Jardin de Fr\u00e9jus &#8212; Qista.com","og_description":"QISTA est pr\u00e9sent au Salon Piscine, Spa et Jardin de Fr\u00e9jus du 19 au 21 mai ! N'h\u00e9sitez pas \u00e0 nous rendre visite !","og_url":"https:\/\/qista.com\/fr\/actualites\/salon-piscine-spa-et-jardin-de-frejus\/","og_site_name":"Qista.com","article_published_time":"2018-05-18T06:15:00+00:00","article_modified_time":"2023-10-02T09:50:14+00:00","og_image":[{"width":400,"height":300,"url":"https:\/\/qista.com\/wp-content\/uploads\/2018\/05\/15266550832063390338.jpeg","type":"image\/jpeg"}],"author":"Qista","twitter_card":"summary_large_image","twitter_misc":{"\u00c9crit par":"Qista","Dur\u00e9e de lecture estim\u00e9e":"1 minute"},"schema":{"@context":"https:\/\/schema.org","@graph":[{"@type":"Article","@id":"https:\/\/qista.com\/fr\/actualites\/salon-piscine-spa-et-jardin-de-frejus\/#article","isPartOf":{"@id":"https:\/\/qista.com\/fr\/actualites\/salon-piscine-spa-et-jardin-de-frejus\/"},"author":{"name":"Qista","@id":"https:\/\/qista.com\/fr\/#\/schema\/person\/50b211451976f881447d21c61ea3969c"},"headline":"Qista au salon Piscine, Spa et Jardin de Fr\u00e9jus","datePublished":"2018-05-18T06:15:00+00:00","dateModified":"2023-10-02T09:50:14+00:00","mainEntityOfPage":{"@id":"https:\/\/qista.com\/fr\/actualites\/salon-piscine-spa-et-jardin-de-frejus\/"},"wordCount":56,"commentCount":0,"publisher":{"@id":"https:\/\/qista.com\/fr\/#organization"},"image":{"@id":"https:\/\/qista.com\/fr\/actualites\/salon-piscine-spa-et-jardin-de-frejus\/#primaryimage"},"thumbnailUrl":"https:\/\/qista.com\/wp-content\/uploads\/2018\/05\/15266550832063390338.jpeg","articleSection":["\u00c9v\u00e9nement"],"inLanguage":"fr-FR","potentialAction":[{"@type":"CommentAction","name":"Comment","target":["https:\/\/qista.com\/fr\/actualites\/salon-piscine-spa-et-jardin-de-frejus\/#respond"]}]},{"@type":"WebPage","@id":"https:\/\/qista.com\/fr\/actualites\/salon-piscine-spa-et-jardin-de-frejus\/","url":"https:\/\/qista.com\/fr\/actualites\/salon-piscine-spa-et-jardin-de-frejus\/","name":"Qista au salon Piscine, Spa et Jardin de Fr\u00e9jus &#8212; Qista.com","isPartOf":{"@id":"https:\/\/qista.com\/fr\/#website"},"primaryImageOfPage":{"@id":"https:\/\/qista.com\/fr\/actualites\/salon-piscine-spa-et-jardin-de-frejus\/#primaryimage"},"image":{"@id":"https:\/\/qista.com\/fr\/actualites\/salon-piscine-spa-et-jardin-de-frejus\/#primaryimage"},"thumbnailUrl":"https:\/\/qista.com\/wp-content\/uploads\/2018\/05\/15266550832063390338.jpeg","datePublished":"2018-05-18T06:15:00+00:00","dateModified":"2023-10-02T09:50:14+00:00","description":"QISTA est pr\u00e9sent au Salon Piscine, Spa et Jardin de Fr\u00e9jus du 19 au 21 mai ! N'h\u00e9sitez pas \u00e0 nous rendre visite !","breadcrumb":{"@id":"https:\/\/qista.com\/fr\/actualites\/salon-piscine-spa-et-jardin-de-frejus\/#breadcrumb"},"inLanguage":"fr-FR","potentialAction":[{"@type":"ReadAction","target":["https:\/\/qista.com\/fr\/actualites\/salon-piscine-spa-et-jardin-de-frejus\/"]}]},{"@type":"ImageObject","inLanguage":"fr-FR","@id":"https:\/\/qista.com\/fr\/actualites\/salon-piscine-spa-et-jardin-de-frejus\/#primaryimage","url":"https:\/\/qista.com\/wp-content\/uploads\/2018\/05\/15266550832063390338.jpeg","contentUrl":"https:\/\/qista.com\/wp-content\/uploads\/2018\/05\/15266550832063390338.jpeg","width":400,"height":300},{"@type":"BreadcrumbList","@id":"https:\/\/qista.com\/fr\/actualites\/salon-piscine-spa-et-jardin-de-frejus\/#breadcrumb","itemListElement":[{"@type":"ListItem","position":1,"name":"Accueil","item":"https:\/\/qista.com\/fr\/"},{"@type":"ListItem","position":2,"name":"\u00c9v\u00e9nement","item":"https:\/\/qista.com\/fr\/actualites\/category\/evenement\/"},{"@type":"ListItem","position":3,"name":"Qista au salon Piscine, Spa et Jardin de Fr\u00e9jus"}]},{"@type":"WebSite","@id":"https:\/\/qista.com\/fr\/#website","url":"https:\/\/qista.com\/fr\/","name":"QISTA","description":"L&#039;aspiration MosqiVortex 788","publisher":{"@id":"https:\/\/qista.com\/fr\/#organization"},"potentialAction":[{"@type":"SearchAction","target":{"@type":"EntryPoint","urlTemplate":"https:\/\/qista.com\/fr\/?s={search_term_string}"},"query-input":{"@type":"PropertyValueSpecification","valueRequired":true,"valueName":"search_term_string"}}],"inLanguage":"fr-FR"},{"@type":"Organization","@id":"https:\/\/qista.com\/fr\/#organization","name":"QISTA","url":"https:\/\/qista.com\/fr\/","logo":{"@type":"ImageObject","inLanguage":"fr-FR","@id":"https:\/\/qista.com\/fr\/#\/schema\/logo\/image\/","url":"https:\/\/qista.com\/wp-content\/uploads\/2023\/03\/LogoB_Qista_MosqiVortex.webp","contentUrl":"https:\/\/qista.com\/wp-content\/uploads\/2023\/03\/LogoB_Qista_MosqiVortex.webp","width":537,"height":164,"caption":"QISTA"},"image":{"@id":"https:\/\/qista.com\/fr\/#\/schema\/logo\/image\/"}},{"@type":"Person","@id":"https:\/\/qista.com\/fr\/#\/schema\/person\/50b211451976f881447d21c61ea3969c","name":"Qista","image":{"@type":"ImageObject","inLanguage":"fr-FR","@id":"https:\/\/qista.com\/fr\/#\/schema\/person\/image\/","url":"https:\/\/secure.gravatar.com\/avatar\/c4e2ef9b1962f15ffc064343b61dc28c70b0d7b1652fe268212ef08b4e31bde0?s=96&d=mm&r=g","contentUrl":"https:\/\/secure.gravatar.com\/avatar\/c4e2ef9b1962f15ffc064343b61dc28c70b0d7b1652fe268212ef08b4e31bde0?s=96&d=mm&r=g","caption":"Qista"},"sameAs":["https:\/\/qista.com\/"]}]}},"_links":{"self":[{"href":"https:\/\/qista.com\/fr\/wp-json\/wp\/v2\/posts\/11468","targetHints":{"allow":["GET"]}}],"collection":[{"href":"https:\/\/qista.com\/fr\/wp-json\/wp\/v2\/posts"}],"about":[{"href":"https:\/\/qista.com\/fr\/wp-json\/wp\/v2\/types\/post"}],"author":[{"embeddable":true,"href":"https:\/\/qista.com\/fr\/wp-json\/wp\/v2\/users\/1"}],"replies":[{"embeddable":true,"href":"https:\/\/qista.com\/fr\/wp-json\/wp\/v2\/comments?post=11468"}],"version-history":[{"count":0,"href":"https:\/\/qista.com\/fr\/wp-json\/wp\/v2\/posts\/11468\/revisions"}],"wp:featuredmedia":[{"embeddable":true,"href":"https:\/\/qista.com\/fr\/wp-json\/wp\/v2\/media\/12309"}],"wp:attachment":[{"href":"https:\/\/qista.com\/fr\/wp-json\/wp\/v2\/media?parent=11468"}],"wp:term":[{"taxonomy":"category","embeddable":true,"href":"https:\/\/qista.com\/fr\/wp-json\/wp\/v2\/categories?post=11468"},{"taxonomy":"post_tag","embeddable":true,"href":"https:\/\/qista.com\/fr\/wp-json\/wp\/v2\/tags?post=11468"}],"curies":[{"name":"wp","href":"https:\/\/api.w.org\/{rel}","templated":true}]}}